{"id":855,"date":"2011-11-05T23:11:38","date_gmt":"2011-11-05T23:11:38","guid":{"rendered":"http:\/\/www.aegeebilbao.org\/?p=855"},"modified":"2011-11-05T23:11:38","modified_gmt":"2011-11-05T23:11:38","slug":"y-nos-fuimos-a-estambul","status":"publish","type":"post","link":"https:\/\/www.locals.aegee.org\/bilbao\/unknown\/y-nos-fuimos-a-estambul\/","title":{"rendered":"Y nos fuimos a EstambulAnd we went to Istanbul"},"content":{"rendered":"<p><!--:es-->Para finalizar el mes de octubre dos miembros de AEGEE Bilbao tuvieron la suerte de ir a un curso en Estambul a cargo del <a title=\"IMMIB\" href=\"http:\/\/www.immib.org.tr\/tr\/\">IMMIB<\/a>\u00a0(Asociaci\u00f3n de Exportadores de Mineral y Metales de Estambul) sobre \u00abDise\u00f1os Creativos con Piedras Naturales\u00bb, que aparte de suponer una oportunidad para aprender sobre otras \u00e1reas ajenas a la carrera les permiti\u00f3 conocer a gentes variadas de distintos rincones europeos adem\u00e1s de conocer la bella ciudad de Estambul.<\/p>\n<p>To all the staff of the workshop: te\u015fekk\u00fcr ederim<\/p>\n<p style=\"text-align: left;\"><a href=\"http:\/\/locals.aegee.org\/bilbao\/wp-content\/uploads\/2011\/11\/SAM_3076.jpg\"><img loading=\"lazy\" decoding=\"async\" class=\"size-full wp-image-860 aligncenter\" title=\"SAM_3076_mini\" src=\"http:\/\/locals.aegee.org\/bilbao\/wp-content\/uploads\/2011\/11\/SAM_3076_mini.jpg\" alt=\"\" width=\"600\" height=\"450\" \/><\/a><\/p>\n<p><!--:--><!--:en-->Para finalizar el mes de octubre dos miembros de AEGEE Bilbao tuvieron la suerte de ir a un curso en Estambul a cargo del <a title=\"IMMIB\" href=\"http:\/\/www.immib.org.tr\/tr\/\">IMMIB<\/a>\u00a0(Asociaci\u00f3n de Exportadores de Mineral y Metales de Estambul) sobre \u00abDise\u00f1os Creativos con Piedras Naturales\u00bb, que aparte de suponer una oportunidad para aprender sobre otras \u00e1reas ajenas a la carrera les permiti\u00f3 conocer a gentes variadas de distintos rincones europeos adem\u00e1s de conocer la bella ciudad de Estambul.<\/p>\n<p>To all the staff of the workshop: te\u015fekk\u00fcr ederim<\/p>\n<p style=\"text-align: left;\"><a href=\"http:\/\/locals.aegee.org\/bilbao\/wp-content\/uploads\/2011\/11\/SAM_3076.jpg\"><img loading=\"lazy\" decoding=\"async\" class=\"size-full wp-image-860 aligncenter\" title=\"SAM_3076_mini\" src=\"http:\/\/locals.aegee.org\/bilbao\/wp-content\/uploads\/2011\/11\/SAM_3076_mini.jpg\" alt=\"\" width=\"600\" height=\"450\" \/><\/a><\/p>\n<p><!--:--><\/p>\n","protected":false},"excerpt":{"rendered":"<p class=\"excerpt\">Para finalizar el mes de octubre dos miembros de AEGEE Bilbao tuvieron la suerte de ir a un curso en Estambul a cargo del IMMIB\u00a0(Asociaci\u00f3n de Exportadores de Mineral y Metales de Estambul) sobre \u00abDise\u00f1os Creativos con Piedras Naturales\u00bb, que aparte de suponer una oportunidad para aprender sobre otras \u00e1reas ajenas a la carrera les permiti\u00f3 conocer a gentes variadas&hellip; <a href=\"https:\/\/www.locals.aegee.org\/bilbao\/unknown\/y-nos-fuimos-a-estambul\/\">Read more &rarr;<\/a><\/p>\n","protected":false},"author":1,"featured_media":0,"comment_status":"open","ping_status":"open","sticky":false,"template":"","format":"standard","meta":{"footnotes":""},"categories":[1],"tags":[48,57,58,62,65,73,81,93,94,95,105],"class_list":["post-855","post","type-post","status-publish","format-standard","hentry","category-unknown","tag-estambul","tag-immib","tag-istanbul","tag-minerales","tag-natural","tag-piedras","tag-stones","tag-turkey","tag-turkiye","tag-turquia","tag-workshop","xfolkentry"],"_links":{"self":[{"href":"https:\/\/www.locals.aegee.org\/bilbao\/wp-json\/wp\/v2\/posts\/855","targetHints":{"allow":["GET"]}}],"collection":[{"href":"https:\/\/www.locals.aegee.org\/bilbao\/wp-json\/wp\/v2\/posts"}],"about":[{"href":"https:\/\/www.locals.aegee.org\/bilbao\/wp-json\/wp\/v2\/types\/post"}],"author":[{"embeddable":true,"href":"https:\/\/www.locals.aegee.org\/bilbao\/wp-json\/wp\/v2\/users\/1"}],"replies":[{"embeddable":true,"href":"https:\/\/www.locals.aegee.org\/bilbao\/wp-json\/wp\/v2\/comments?post=855"}],"version-history":[{"count":0,"href":"https:\/\/www.locals.aegee.org\/bilbao\/wp-json\/wp\/v2\/posts\/855\/revisions"}],"wp:attachment":[{"href":"https:\/\/www.locals.aegee.org\/bilbao\/wp-json\/wp\/v2\/media?parent=855"}],"wp:term":[{"taxonomy":"category","embeddable":true,"href":"https:\/\/www.locals.aegee.org\/bilbao\/wp-json\/wp\/v2\/categories?post=855"},{"taxonomy":"post_tag","embeddable":true,"href":"https:\/\/www.locals.aegee.org\/bilbao\/wp-json\/wp\/v2\/tags?post=855"}],"curies":[{"name":"wp","href":"https:\/\/api.w.org\/{rel}","templated":true}]}}