{"id":696,"date":"2011-05-02T11:37:34","date_gmt":"2011-05-02T11:37:34","guid":{"rendered":"http:\/\/www.aegeebilbao.org\/?p=696"},"modified":"2011-05-02T11:37:34","modified_gmt":"2011-05-02T11:37:34","slug":"enhorabuena-companeros-y-amigos","status":"publish","type":"post","link":"https:\/\/www.locals.aegee.org\/bilbao\/unknown\/enhorabuena-companeros-y-amigos\/","title":{"rendered":"ENHORABUENA COMPA\u00d1EROS (Y AMIGOS)!!!"},"content":{"rendered":"<p>AEGEE-Bilbao quiere dar la enhorabuena a esos 3 compa\u00f1eros y amigos que han sido elegidos en el AGORA-Alicante en 3 cargos muy importantes:<\/p>\n<p>A nuestro amigo Guille, fundador de AEGEE-Bilbao, ahora miembro de AEGEE-Barcelona&#8230;..y del Comit\u00e9 Directeur de AEGEE-Europa!!! As\u00ed que se nos va a vivir durante un a\u00f1ito a Bruselas para encargarse de AEGEE a tope!!!.<\/p>\n<p>A nuestro \u00abjefe\u00bb Luis, que desde las Islas de \u00aben medio del oceano, donde vivimos tu y yo&#8230;..\u00bb seguro que no nos pierde de vista; ser\u00e1 el NetCom de las antennas de nuestro rinconcito geogr\u00e1fico de Europa.<\/p>\n<p>A nuestra futura \u00abEmilia Bot\u00edn\u00bb particular, Espe, otra canaria en las altas esferas que estar\u00e1 en la Audit Comission&#8230;..Gracias a ella AEGEE no notar\u00e1 la crisis!!!<\/p>\n<p><a href=\"http:\/\/locals.aegee.org\/bilbao\/wp-content\/uploads\/2011\/05\/Agora1.jpg\"><img loading=\"lazy\" decoding=\"async\" class=\"aligncenter size-medium wp-image-698\" title=\"Agora1\" src=\"http:\/\/locals.aegee.org\/bilbao\/wp-content\/uploads\/2011\/05\/Agora1-300x200.jpg\" alt=\"\" width=\"300\" height=\"200\" \/><\/a><\/p>\n<p>Tambi\u00e9n agradecemos el gran trabajo de nuestros 3 compa\u00f1eros espa\u00f1oles en el Chair: Roberto, el imponente hombrecito de \u00ablas puertas no se abren durante las votaciones\u00bb; Bea, la mujer que\u00a0 no se quita jam\u00e1s los auriculares y no deja de pulsar \u00ablas teclas\u00bb, y Alberto, el oso amoroso mas besucon (besitos, con cari\u00f1o =P).<\/p>\n<p>Y por supuesto&#8230;nuestra siempre nuestra Lucille, de AEGEE-Toulouse. Gracias por tu ayuda, consejo y apoyo!!!<\/p>\n<p>Muchas gracias a to@s!!!<\/p>\n","protected":false},"excerpt":{"rendered":"<p class=\"excerpt\">AEGEE-Bilbao quiere dar la enhorabuena a esos 3 compa\u00f1eros y amigos que han sido elegidos en el AGORA-Alicante en 3 cargos muy importantes: A nuestro amigo Guille, fundador de AEGEE-Bilbao, ahora miembro de AEGEE-Barcelona&#8230;..y del Comit\u00e9 Directeur de AEGEE-Europa!!! As\u00ed que se nos va a vivir durante un a\u00f1ito a Bruselas para encargarse de AEGEE a tope!!!. A nuestro \u00abjefe\u00bb&hellip; <a href=\"https:\/\/www.locals.aegee.org\/bilbao\/unknown\/enhorabuena-companeros-y-amigos\/\">Read more &rarr;<\/a><\/p>\n","protected":false},"author":1,"featured_media":0,"comment_status":"open","ping_status":"open","sticky":false,"template":"","format":"standard","meta":{"footnotes":""},"categories":[1],"tags":[],"class_list":["post-696","post","type-post","status-publish","format-standard","hentry","category-unknown","xfolkentry"],"_links":{"self":[{"href":"https:\/\/www.locals.aegee.org\/bilbao\/wp-json\/wp\/v2\/posts\/696","targetHints":{"allow":["GET"]}}],"collection":[{"href":"https:\/\/www.locals.aegee.org\/bilbao\/wp-json\/wp\/v2\/posts"}],"about":[{"href":"https:\/\/www.locals.aegee.org\/bilbao\/wp-json\/wp\/v2\/types\/post"}],"author":[{"embeddable":true,"href":"https:\/\/www.locals.aegee.org\/bilbao\/wp-json\/wp\/v2\/users\/1"}],"replies":[{"embeddable":true,"href":"https:\/\/www.locals.aegee.org\/bilbao\/wp-json\/wp\/v2\/comments?post=696"}],"version-history":[{"count":0,"href":"https:\/\/www.locals.aegee.org\/bilbao\/wp-json\/wp\/v2\/posts\/696\/revisions"}],"wp:attachment":[{"href":"https:\/\/www.locals.aegee.org\/bilbao\/wp-json\/wp\/v2\/media?parent=696"}],"wp:term":[{"taxonomy":"category","embeddable":true,"href":"https:\/\/www.locals.aegee.org\/bilbao\/wp-json\/wp\/v2\/categories?post=696"},{"taxonomy":"post_tag","embeddable":true,"href":"https:\/\/www.locals.aegee.org\/bilbao\/wp-json\/wp\/v2\/tags?post=696"}],"curies":[{"name":"wp","href":"https:\/\/api.w.org\/{rel}","templated":true}]}}