{"id":679,"date":"2011-04-25T19:27:08","date_gmt":"2011-04-25T19:27:08","guid":{"rendered":"http:\/\/www.aegeebilbao.org\/?p=679"},"modified":"2011-04-25T19:27:08","modified_gmt":"2011-04-25T19:27:08","slug":"nos-vamos-pa-ali-alicante","status":"publish","type":"post","link":"https:\/\/www.locals.aegee.org\/bilbao\/unknown\/nos-vamos-pa-ali-alicante\/","title":{"rendered":"NOS VAMOS PA&#039; ALI-ALICANTE!!!!!"},"content":{"rendered":"<p style=\"text-align: left;\">YA LLEGA!!! YA QUEDA MENOS!!!<\/p>\n<p style=\"text-align: left;\">Ya falta poco para el megaencuentro de AEGEE de toda la historia, en Ali-Alicante!!!!!!!<\/p>\n<p style=\"text-align: left;\"><a href=\"http:\/\/www.agoraalicante.org\/\" target=\"_blank\"><img loading=\"lazy\" decoding=\"async\" class=\"aligncenter size-medium wp-image-680\" title=\"LOGO_OFICIAL_AGORA_ALICANTE_2011_horiz\" src=\"http:\/\/locals.aegee.org\/bilbao\/wp-content\/uploads\/2011\/04\/LOGO_OFICIAL_AGORA_ALICANTE_2011_horiz-300x111.png\" alt=\"\" width=\"300\" height=\"111\" \/><\/a>De mi\u00e9rcoles a domingo, nuestros compa\u00f1eros de AEGEE-Alicante nos han preparado un mont\u00f3n de actividades, workshop, fiestas de disfraces y&#8230;.seguro que algun sorpresilla tienen reservada&#8230;.<\/p>\n<p style=\"text-align: left;\">\u00c9ste es uno de los eventos m\u00e1s importantes en AEGEE. Adem\u00e1s de ser donde  se deciden los altos cargos de la asociaci\u00f3n, sirve tambi\u00e9n compartir  experiencias, con alrededor de 800 j\u00f3venes europeos que se  re\u00fanen en un lugar para construir un futuro juntos.<\/p>\n<p style=\"text-align: center;\"><a href=\"http:\/\/www.youtube.com\/watch?v=ZWc7LNqlxF4&amp;feature=player_embedded\">Video 1<\/a><img decoding=\"async\" src=\"file:\/\/\/C:\/DOCUME%7E1\/Iker\/CONFIG%7E1\/Temp\/moz-screenshot.png\" alt=\"\" \/><\/p>\n<p style=\"text-align: left;\">El Agora Alicante 2011 en n\u00fameros:<\/p>\n<p style=\"text-align: left;\">Titulo: <strong>\u201cSpring Agora Alicante 2011\u201d Green Spirit Agora, Become a part of it!<\/strong><\/p>\n<p style=\"text-align: left;\">Fechas: <strong>Del Mi\u00e9rcoles 27 al S\u00e1bado 30 de Abril de 2011.<\/strong><\/p>\n<p style=\"text-align: left;\">Participantes: <strong>800.<\/strong><\/p>\n<p style=\"text-align: left;\">Ciudades y Pa\u00edses: <strong>200 ciudades de 40 pa\u00edses europeos.<\/strong><\/p>\n","protected":false},"excerpt":{"rendered":"<p class=\"excerpt\">YA LLEGA!!! YA QUEDA MENOS!!! Ya falta poco para el megaencuentro de AEGEE de toda la historia, en Ali-Alicante!!!!!!! De mi\u00e9rcoles a domingo, nuestros compa\u00f1eros de AEGEE-Alicante nos han preparado un mont\u00f3n de actividades, workshop, fiestas de disfraces y&#8230;.seguro que algun sorpresilla tienen reservada&#8230;. \u00c9ste es uno de los eventos m\u00e1s importantes en AEGEE. Adem\u00e1s de ser donde se deciden&hellip; <a href=\"https:\/\/www.locals.aegee.org\/bilbao\/unknown\/nos-vamos-pa-ali-alicante\/\">Read more &rarr;<\/a><\/p>\n","protected":false},"author":1,"featured_media":0,"comment_status":"open","ping_status":"open","sticky":false,"template":"","format":"standard","meta":{"footnotes":""},"categories":[1],"tags":[],"class_list":["post-679","post","type-post","status-publish","format-standard","hentry","category-unknown","xfolkentry"],"_links":{"self":[{"href":"https:\/\/www.locals.aegee.org\/bilbao\/wp-json\/wp\/v2\/posts\/679","targetHints":{"allow":["GET"]}}],"collection":[{"href":"https:\/\/www.locals.aegee.org\/bilbao\/wp-json\/wp\/v2\/posts"}],"about":[{"href":"https:\/\/www.locals.aegee.org\/bilbao\/wp-json\/wp\/v2\/types\/post"}],"author":[{"embeddable":true,"href":"https:\/\/www.locals.aegee.org\/bilbao\/wp-json\/wp\/v2\/users\/1"}],"replies":[{"embeddable":true,"href":"https:\/\/www.locals.aegee.org\/bilbao\/wp-json\/wp\/v2\/comments?post=679"}],"version-history":[{"count":0,"href":"https:\/\/www.locals.aegee.org\/bilbao\/wp-json\/wp\/v2\/posts\/679\/revisions"}],"wp:attachment":[{"href":"https:\/\/www.locals.aegee.org\/bilbao\/wp-json\/wp\/v2\/media?parent=679"}],"wp:term":[{"taxonomy":"category","embeddable":true,"href":"https:\/\/www.locals.aegee.org\/bilbao\/wp-json\/wp\/v2\/categories?post=679"},{"taxonomy":"post_tag","embeddable":true,"href":"https:\/\/www.locals.aegee.org\/bilbao\/wp-json\/wp\/v2\/tags?post=679"}],"curies":[{"name":"wp","href":"https:\/\/api.w.org\/{rel}","templated":true}]}}