{"id":610,"date":"2011-04-07T12:45:43","date_gmt":"2011-04-07T12:45:43","guid":{"rendered":"http:\/\/www.aegeebilbao.org\/?p=610"},"modified":"2011-04-07T12:45:43","modified_gmt":"2011-04-07T12:45:43","slug":"summer-universities-2011","status":"publish","type":"post","link":"https:\/\/www.locals.aegee.org\/bilbao\/aegeebilbao\/summer-universities-2011\/","title":{"rendered":"Summer Universities 2011 &#8211; Others dream, we act!!"},"content":{"rendered":"<p style=\"text-align: center;\"><strong><em>\u00bfTienes alg\u00fan plan para el verano? <\/em><\/strong><\/p>\n<p style=\"text-align: center;\"><strong><em>\u00bfQuieres pegarte el verano de tu vida?<\/em><\/strong><\/p>\n<p>Si tu respuesta es s\u00ed, est\u00e1s de suerte, porque por unos 180\u20ac puedes irte 2 semanas a una o varias ciudades europeas, con unos 30 participantes procedentes de toda Europa interesados en conocer nuevas culturas, aprender idiomas, visitar lugares y participar en un mont\u00f3n de actividades, cursos sobre distintos temas y, c\u00f3mo no, \u00a1tener fiesta todas las noches!<\/p>\n<p><a href=\"http:\/\/locals.aegee.org\/bilbao\/wp-content\/uploads\/2011\/04\/cartel-SU.bmp\"><img decoding=\"async\" class=\"aligncenter size-full wp-image-616\" title=\"cartel SU\" src=\"http:\/\/locals.aegee.org\/bilbao\/wp-content\/uploads\/2011\/04\/cartel-SU.bmp\" alt=\"\" \/><\/a>Todo esto es lo que significa <strong>Summer University<\/strong>, y eso y mucho m\u00e1s es lo que te ofrece AEGEE, la mayor asociaci\u00f3n interdisciplinaria de estudiantes de Europa. AEGEE trabaja por conseguir una sociedad abierta y tolerante para el futuro en una Europa unificada, promoviendo la comunicaci\u00f3n entre estudiantes mediante el intercambio cultural.<\/p>\n<p>Como decimos en AEGEE: Some call it Europe, we call it Home. En la Summer University no ser\u00e1s un turista, experimentar\u00e1s Europa. Y aunque los regalitos que traigas acabar\u00e1n en el fondo de un caj\u00f3n y la piel morena volver\u00e1 a ponerse blanca, las experiencias vividas te acompa\u00f1ar\u00e1n el resto de la vida.<\/p>\n<p><a href=\"http:\/\/locals.aegee.org\/bilbao\/?page_id=96\" target=\"_blank\"><img loading=\"lazy\" decoding=\"async\" class=\"aligncenter size-full wp-image-640\" title=\"SU cartel 2\" src=\"http:\/\/locals.aegee.org\/bilbao\/wp-content\/uploads\/2011\/04\/SU-cartel-2.jpg\" alt=\"\" width=\"673\" height=\"946\" \/><\/a><\/p>\n<p>Aqu\u00ed tienes m\u00e1s informaci\u00f3n sobre AEGEE (<a href=\"http:\/\/www.aegee.org\" target=\"_blank\"><span style=\"text-decoration: underline;\">www.aegee.org<\/span><\/a>), sobre AEGEE-Bilbao (<a href=\"www.aegeebilbao.org\" target=\"_blank\">www.aegeebilbao.org<\/a>) y sobre las Summer Universities de este a\u00f1o (<a href=\"http:\/\/www.projects.aegee.org\/suct\/su2011\/summer-universities.php\">http:\/\/www.projects.aegee.org\/suct\/su2011\/summer-universities.php<\/a>). Tambi\u00e9n vamos a realizar unas charlas informativas esta semana y la siguiente en las que conocer\u00e1s un poco m\u00e1s sobre las SU y podr\u00e1s resolver todas tus dudas:<\/p>\n<p><strong><span style=\"text-decoration: underline;\">SARRIKO: Sala de Grados<\/span><\/strong><\/p>\n<p>Jueves 14, 14.00h<\/p>\n<p><strong><span style=\"text-decoration: underline;\">ETSI SAN MAM\u00c9S: Aula P2G3<\/span><\/strong><\/p>\n<p>Mi\u00e9rcoles 13, 14.00h\u00a0\u00a0\u00a0\u00a0\u00a0\u00a0 Lunes 18, 14.00h<\/p>\n<p><strong><span style=\"text-decoration: underline;\">LEIOA: Sala de Conferencias &#8211; Biblioteca Central<\/span><\/strong><\/p>\n<p>Martes 12, 14.00h\u00a0\u00a0\u00a0\u00a0\u00a0\u00a0\u00a0\u00a0\u00a0\u00a0\u00a0\u00a0\u00a0\u00a0\u00a0\u00a0 Lunes 18, 14.00h<\/p>\n<p style=\"text-align: center;\"><strong><span style=\"text-decoration: underline;\">No te lo pienses dos veces y \u00a1an\u00edmate!<\/span><\/strong><\/p>\n<p style=\"text-align: center;\"><strong><span style=\"text-decoration: underline;\">El plazo de inscripci\u00f3n finaliza el 24 de abril<\/span><\/strong><\/p>\n","protected":false},"excerpt":{"rendered":"<p class=\"excerpt\">\u00bfTienes alg\u00fan plan para el verano? \u00bfQuieres pegarte el verano de tu vida? Si tu respuesta es s\u00ed, est\u00e1s de suerte, porque por unos 180\u20ac puedes irte 2 semanas a una o varias ciudades europeas, con unos 30 participantes procedentes de toda Europa interesados en conocer nuevas culturas, aprender idiomas, visitar lugares y participar en un mont\u00f3n de actividades, cursos&hellip; <a href=\"https:\/\/www.locals.aegee.org\/bilbao\/aegeebilbao\/summer-universities-2011\/\">Read more &rarr;<\/a><\/p>\n","protected":false},"author":1,"featured_media":0,"comment_status":"open","ping_status":"open","sticky":false,"template":"","format":"standard","meta":{"footnotes":""},"categories":[5],"tags":[82,85,98],"class_list":["post-610","post","type-post","status-publish","format-standard","hentry","category-aegeebilbao","tag-su","tag-summer","tag-verano","xfolkentry"],"_links":{"self":[{"href":"https:\/\/www.locals.aegee.org\/bilbao\/wp-json\/wp\/v2\/posts\/610","targetHints":{"allow":["GET"]}}],"collection":[{"href":"https:\/\/www.locals.aegee.org\/bilbao\/wp-json\/wp\/v2\/posts"}],"about":[{"href":"https:\/\/www.locals.aegee.org\/bilbao\/wp-json\/wp\/v2\/types\/post"}],"author":[{"embeddable":true,"href":"https:\/\/www.locals.aegee.org\/bilbao\/wp-json\/wp\/v2\/users\/1"}],"replies":[{"embeddable":true,"href":"https:\/\/www.locals.aegee.org\/bilbao\/wp-json\/wp\/v2\/comments?post=610"}],"version-history":[{"count":0,"href":"https:\/\/www.locals.aegee.org\/bilbao\/wp-json\/wp\/v2\/posts\/610\/revisions"}],"wp:attachment":[{"href":"https:\/\/www.locals.aegee.org\/bilbao\/wp-json\/wp\/v2\/media?parent=610"}],"wp:term":[{"taxonomy":"category","embeddable":true,"href":"https:\/\/www.locals.aegee.org\/bilbao\/wp-json\/wp\/v2\/categories?post=610"},{"taxonomy":"post_tag","embeddable":true,"href":"https:\/\/www.locals.aegee.org\/bilbao\/wp-json\/wp\/v2\/tags?post=610"}],"curies":[{"name":"wp","href":"https:\/\/api.w.org\/{rel}","templated":true}]}}