{"id":2910,"date":"2016-03-03T17:58:50","date_gmt":"2016-03-03T16:58:50","guid":{"rendered":"http:\/\/www.aegeebilbao.org\/?p=2910"},"modified":"2016-03-03T17:58:50","modified_gmt":"2016-03-03T16:58:50","slug":"epm-leiden-25-29-febrero-2016","status":"publish","type":"post","link":"https:\/\/www.locals.aegee.org\/bilbao\/unknown\/epm-leiden-25-29-febrero-2016\/","title":{"rendered":"EPM Leiden, 25-29 febrero 2016"},"content":{"rendered":"<p style=\"text-align: justify;\">Cerca de 320 miembros de AEGEE participaron del 25 al 29 de febrero en el anual European Planning Meeting (EPM) en Leiden, Holanda. Durante estos d\u00edas se trat\u00f3 uno de los temas m\u00e1s actuales e importantes del momento: La crisis de los refugiados. Un tema extremadamente interesante para todos los asistentes, en donde tuvieron la posibilidad de mostrar su opini\u00f3n a trav\u00e9s de diferentes actividades, workshops y debates.<\/p>\n<p style=\"text-align: justify;\"><img loading=\"lazy\" decoding=\"async\" class=\"aligncenter size-full wp-image-2911\" src=\"http:\/\/locals.aegee.org\/bilbao\/wp-content\/uploads\/2016\/03\/12794422_984592541619428_7911793166740354503_n.jpg\" alt=\"12794422_984592541619428_7911793166740354503_n\" width=\"960\" height=\"404\" \/><\/p>\n<p style=\"text-align: justify;\">Adem\u00e1s de esto, los participantes debatieron sobre los objetivos en los que se quiere centrar AEGEE para el pr\u00f3ximo a\u00f1o, es decir la action agenda. Los temas debatidos fueron: Spreading Europtimism, Civic Education, Youth Employment and Youth Mobility. Al final del evento, se consiguieron una serie de objetivos que ser\u00e1n ratificados en el siguiente evento estatutario: Spring Agora Bergamo 2016.<\/p>\n<p style=\"text-align: justify;\">En cuanto a los participantes que asistieron de AEGEE-Bilbao, nos cuentan que fue una experiencia incre\u00edble tanto en lo personal como en lo profesional.<\/p>\n<p style=\"text-align: justify;\"><img decoding=\"async\" class=\"aligncenter size-full wp-image-2912\" src=\"http:\/\/locals.aegee.org\/bilbao\/wp-content\/uploads\/2016\/03\/IMG_20160228_190109.jpg\" alt=\"IMG_20160228_190109\" \/><\/p>\n<p style=\"text-align: justify;\">Fueron 4 participantes:<\/p>\n<ul>\n<li style=\"text-align: justify;\">Marga L\u00f3pez: Presidenta de AEGEE-Bilbao<\/li>\n<li style=\"text-align: justify;\">Eneko Xabier: Consejero de AEGEE-Bilbao<\/li>\n<li style=\"text-align: justify;\">Asier Rodriguez: Tesorero de AEGEE-Bilbao<\/li>\n<li style=\"text-align: justify;\">Borja Torres: IT de AEGEE-Bilbao<\/li>\n<\/ul>\n<p style=\"text-align: justify;\">Borja Torres, encargado IT, nos cuenta: \u201cEs fant\u00e1stico tener la posibilidad de poderme reunir con otros miembros de otros pa\u00edses que lleven m\u00e1s tiempo en AEGEE. Adem\u00e1s es una experiencia fant\u00e1stica para poder adquirir todo tipo de conocimientos, sea para tu vida profesional en AEGEE o fuera de la misma.\u201d<\/p>\n<p style=\"text-align: justify;\">Asier Rodriguez, Tesorero de AEGEE-Bilbao, dice: \u201cMe parece un evento perfecto para poder volver a ver a gente que conoc\u00eda de Summer Universities y de otros eventos anteriores. Una pena que sea algo m\u00e1s corto, el ambiente de todos los participantes fue inconcebible. Con ganas de asistir al siguiente evento estatutario.\u201d<\/p>\n<p style=\"text-align: justify;\">Por <strong>Borja Torres<\/strong>, Encargado IT de AEGEE-Bilbao<\/p>\n","protected":false},"excerpt":{"rendered":"<p class=\"excerpt\">Cerca de 320 miembros de AEGEE participaron del 25 al 29 de febrero en el anual European Planning Meeting (EPM) en Leiden, Holanda. Durante estos d\u00edas se trat\u00f3 uno de los temas m\u00e1s actuales e importantes del momento: La crisis de los refugiados. Un tema extremadamente interesante para todos los asistentes, en donde tuvieron la posibilidad de mostrar su opini\u00f3n&hellip; <a href=\"https:\/\/www.locals.aegee.org\/bilbao\/unknown\/epm-leiden-25-29-febrero-2016\/\">Read more &rarr;<\/a><\/p>\n","protected":false},"author":1,"featured_media":0,"comment_status":"open","ping_status":"open","sticky":false,"template":"","format":"standard","meta":{"footnotes":""},"categories":[1],"tags":[],"class_list":["post-2910","post","type-post","status-publish","format-standard","hentry","category-unknown","xfolkentry"],"_links":{"self":[{"href":"https:\/\/www.locals.aegee.org\/bilbao\/wp-json\/wp\/v2\/posts\/2910","targetHints":{"allow":["GET"]}}],"collection":[{"href":"https:\/\/www.locals.aegee.org\/bilbao\/wp-json\/wp\/v2\/posts"}],"about":[{"href":"https:\/\/www.locals.aegee.org\/bilbao\/wp-json\/wp\/v2\/types\/post"}],"author":[{"embeddable":true,"href":"https:\/\/www.locals.aegee.org\/bilbao\/wp-json\/wp\/v2\/users\/1"}],"replies":[{"embeddable":true,"href":"https:\/\/www.locals.aegee.org\/bilbao\/wp-json\/wp\/v2\/comments?post=2910"}],"version-history":[{"count":0,"href":"https:\/\/www.locals.aegee.org\/bilbao\/wp-json\/wp\/v2\/posts\/2910\/revisions"}],"wp:attachment":[{"href":"https:\/\/www.locals.aegee.org\/bilbao\/wp-json\/wp\/v2\/media?parent=2910"}],"wp:term":[{"taxonomy":"category","embeddable":true,"href":"https:\/\/www.locals.aegee.org\/bilbao\/wp-json\/wp\/v2\/categories?post=2910"},{"taxonomy":"post_tag","embeddable":true,"href":"https:\/\/www.locals.aegee.org\/bilbao\/wp-json\/wp\/v2\/tags?post=2910"}],"curies":[{"name":"wp","href":"https:\/\/api.w.org\/{rel}","templated":true}]}}